{"id":416,"date":"2023-11-13T14:27:33","date_gmt":"2023-11-13T14:27:33","guid":{"rendered":"https:\/\/diversitecommunicationnelle.ca\/?p=416"},"modified":"2024-07-10T20:26:32","modified_gmt":"2024-07-11T00:26:32","slug":"les-idees-de-la-diversite-communicationnelle-se-rendent-a-ottawa","status":"publish","type":"post","link":"https:\/\/diversitecommunicationnelle.ca\/?p=416","title":{"rendered":"Les id\u00e9es de la diversit\u00e9 communicationnelle se rendent &#8230; \u00e0 Ottawa!"},"content":{"rendered":"\n<p><\/p>\n\n\n\n<p>Genevi\u00e8ve, dont la th\u00e8se doctorale en orthophonie s&rsquo;int\u00e9resse aux concepts de stigmatisation et son oppos\u00e9, la fiert\u00e9, a particip\u00e9 \u00e0 la conf\u00e9rence annuelle de la <a href=\"https:\/\/stutter.ca\/\">Canadian Stuttering Association<\/a>, qui s&rsquo;est d\u00e9roul\u00e9e \u00e0 Ottawa, du 3 au 5 novembre 2023. <\/p>\n\n\n\n<p>Genevi\u00e8ve a donn\u00e9 une conf\u00e9rence-atelier avec <a href=\"https:\/\/apps.ualberta.ca\/directory\/person\/jstpierr\">Joshua St. Pierre, Ph.D.<\/a>, \u00e9galement une personne qui b\u00e9gaie, professeur en sciences politiques \u00e0 l&rsquo;Universit\u00e9 d&rsquo;Alberta et Chaire de recherche du Canada en \u00e9tudes critiques sur le handicap. Ensemble, iels ont pr\u00e9sent\u00e9 \u00ab <a href=\"https:\/\/stutter.ca\/events\/conference\/2023\/schedule\/sessions\/challenging-stigma-celebrating-diversity\/\">Challenging Stigma, Celebrating Diversity<\/a> \u00bb, une conf\u00e9rence-atelier abordant les concepts interreli\u00e9s de stigmatisation et de diversit\u00e9 communicationnelle en lien avec diff\u00e9rents mod\u00e8les d&rsquo;appartenance sociale tir\u00e9s des \u00e9tudes critiques sur le handicap.<\/p>\n\n\n\n<figure class=\"wp-block-image size-full\"><img loading=\"lazy\" decoding=\"async\" width=\"960\" height=\"1024\" src=\"https:\/\/diversitecommunicationnelle.ca\/wp-content\/uploads\/2023\/11\/399271136_122138338802017814_8748735834049301830_n-2-960x1024-2.jpeg\" alt=\"\" class=\"wp-image-449\" srcset=\"https:\/\/diversitecommunicationnelle.ca\/wp-content\/uploads\/2023\/11\/399271136_122138338802017814_8748735834049301830_n-2-960x1024-2.jpeg 960w, https:\/\/diversitecommunicationnelle.ca\/wp-content\/uploads\/2023\/11\/399271136_122138338802017814_8748735834049301830_n-2-960x1024-2-281x300.jpeg 281w, https:\/\/diversitecommunicationnelle.ca\/wp-content\/uploads\/2023\/11\/399271136_122138338802017814_8748735834049301830_n-2-960x1024-2-768x819.jpeg 768w\" sizes=\"auto, (max-width: 960px) 100vw, 960px\" \/><\/figure>\n\n\n\n\n\n<p>Cette premi\u00e8re collaboration pour Genevi\u00e8ve et Joshua fut un succ\u00e8s! Scoop : d&rsquo;autres collaborations verront le jour avec l&rsquo;\u00e9quipe. On vous tient au courant!<\/p>\n\n\n\n<p><\/p>\n","protected":false},"excerpt":{"rendered":"<p>Genevi\u00e8ve, dont la th\u00e8se doctorale en orthophonie s&rsquo;int\u00e9resse aux concepts de stigmatisation et son oppos\u00e9, la fiert\u00e9, a particip\u00e9 \u00e0 la conf\u00e9rence annuelle de la Canadian Stuttering Association, qui s&rsquo;est d\u00e9roul\u00e9e \u00e0 Ottawa, du 3 au 5 novembre 2023. Genevi\u00e8ve a donn\u00e9 une conf\u00e9rence-atelier avec Joshua St. Pierre, Ph.D., \u00e9galement une personne qui b\u00e9gaie, professeur&hellip;&nbsp;<a href=\"https:\/\/diversitecommunicationnelle.ca\/?p=416\" rel=\"bookmark\">Lire la suite &raquo;<span class=\"screen-reader-text\">Les id\u00e9es de la diversit\u00e9 communicationnelle se rendent &#8230; \u00e0 Ottawa!<\/span><\/a><\/p>\n","protected":false},"author":1,"featured_media":450,"comment_status":"closed","ping_status":"closed","sticky":false,"template":"","format":"standard","meta":{"_eb_attr":"","neve_meta_sidebar":"","neve_meta_container":"","neve_meta_enable_content_width":"","neve_meta_content_width":0,"neve_meta_title_alignment":"","neve_meta_author_avatar":"","neve_post_elements_order":"","neve_meta_disable_header":"","neve_meta_disable_footer":"","neve_meta_disable_title":"","footnotes":""},"categories":[1],"tags":[],"class_list":["post-416","post","type-post","status-publish","format-standard","has-post-thumbnail","hentry","category-nouvelles"],"yoast_head":"<!-- This site is optimized with the Yoast SEO plugin v27.5 - https:\/\/yoast.com\/product\/yoast-seo-wordpress\/ -->\n<title>Les id\u00e9es de la diversit\u00e9 communicationnelle se rendent ... \u00e0 Ottawa! - Diversit\u00e9 communicationnelle<\/title>\n<meta name=\"robots\" content=\"index, follow, max-snippet:-1, max-image-preview:large, max-video-preview:-1\" \/>\n<link rel=\"canonical\" href=\"https:\/\/diversitecommunicationnelle.ca\/?p=416\" \/>\n<meta property=\"og:locale\" content=\"fr_CA\" \/>\n<meta property=\"og:type\" content=\"article\" \/>\n<meta property=\"og:title\" content=\"Les id\u00e9es de la diversit\u00e9 communicationnelle se rendent ... \u00e0 Ottawa! - Diversit\u00e9 communicationnelle\" \/>\n<meta property=\"og:description\" content=\"Genevi\u00e8ve, dont la th\u00e8se doctorale en orthophonie s&rsquo;int\u00e9resse aux concepts de stigmatisation et son oppos\u00e9, la fiert\u00e9, a particip\u00e9 \u00e0 la conf\u00e9rence annuelle de la Canadian Stuttering Association, qui s&rsquo;est d\u00e9roul\u00e9e \u00e0 Ottawa, du 3 au 5 novembre 2023. Genevi\u00e8ve a donn\u00e9 une conf\u00e9rence-atelier avec Joshua St. Pierre, Ph.D., \u00e9galement une personne qui b\u00e9gaie, professeur&hellip;&nbsp;Lire la suite &raquo;Les id\u00e9es de la diversit\u00e9 communicationnelle se rendent &#8230; \u00e0 Ottawa!\" \/>\n<meta property=\"og:url\" content=\"https:\/\/diversitecommunicationnelle.ca\/?p=416\" \/>\n<meta property=\"og:site_name\" content=\"Diversit\u00e9 communicationnelle\" \/>\n<meta property=\"article:published_time\" content=\"2023-11-13T14:27:33+00:00\" \/>\n<meta property=\"article:modified_time\" content=\"2024-07-11T00:26:32+00:00\" \/>\n<meta property=\"og:image\" content=\"http:\/\/diversitecommunicationnelle.ca\/wp-content\/uploads\/2023\/11\/0A4A602F-19A4-47B4-B7E4-F01A049DB1AC-1.jpeg\" \/>\n\t<meta property=\"og:image:width\" content=\"813\" \/>\n\t<meta property=\"og:image:height\" content=\"395\" \/>\n\t<meta property=\"og:image:type\" content=\"image\/jpeg\" \/>\n<meta name=\"author\" content=\"diversitecommunicationnelle.ca\" \/>\n<meta name=\"twitter:card\" content=\"summary_large_image\" \/>\n<meta name=\"twitter:label1\" content=\"\u00c9crit par\" \/>\n\t<meta name=\"twitter:data1\" content=\"diversitecommunicationnelle.ca\" \/>\n\t<meta name=\"twitter:label2\" content=\"Estimation du temps de lecture\" \/>\n\t<meta name=\"twitter:data2\" content=\"2 minutes\" \/>\n<script type=\"application\/ld+json\" class=\"yoast-schema-graph\">{\"@context\":\"https:\\\/\\\/schema.org\",\"@graph\":[{\"@type\":\"Article\",\"@id\":\"https:\\\/\\\/diversitecommunicationnelle.ca\\\/?p=416#article\",\"isPartOf\":{\"@id\":\"https:\\\/\\\/diversitecommunicationnelle.ca\\\/?p=416\"},\"author\":{\"name\":\"diversitecommunicationnelle.ca\",\"@id\":\"https:\\\/\\\/diversitecommunicationnelle.ca\\\/#\\\/schema\\\/person\\\/4a97148401627b17040922f38d076563\"},\"headline\":\"Les id\u00e9es de la diversit\u00e9 communicationnelle se rendent &#8230; \u00e0 Ottawa!\",\"datePublished\":\"2023-11-13T14:27:33+00:00\",\"dateModified\":\"2024-07-11T00:26:32+00:00\",\"mainEntityOfPage\":{\"@id\":\"https:\\\/\\\/diversitecommunicationnelle.ca\\\/?p=416\"},\"wordCount\":160,\"publisher\":{\"@id\":\"https:\\\/\\\/diversitecommunicationnelle.ca\\\/#organization\"},\"image\":{\"@id\":\"https:\\\/\\\/diversitecommunicationnelle.ca\\\/?p=416#primaryimage\"},\"thumbnailUrl\":\"https:\\\/\\\/diversitecommunicationnelle.ca\\\/wp-content\\\/uploads\\\/2023\\\/11\\\/0A4A602F-19A4-47B4-B7E4-F01A049DB1AC-1.jpeg\",\"articleSection\":[\"Nouvelles\"],\"inLanguage\":\"fr-CA\"},{\"@type\":\"WebPage\",\"@id\":\"https:\\\/\\\/diversitecommunicationnelle.ca\\\/?p=416\",\"url\":\"https:\\\/\\\/diversitecommunicationnelle.ca\\\/?p=416\",\"name\":\"Les id\u00e9es de la diversit\u00e9 communicationnelle se rendent ... \u00e0 Ottawa! - Diversit\u00e9 communicationnelle\",\"isPartOf\":{\"@id\":\"https:\\\/\\\/diversitecommunicationnelle.ca\\\/#website\"},\"primaryImageOfPage\":{\"@id\":\"https:\\\/\\\/diversitecommunicationnelle.ca\\\/?p=416#primaryimage\"},\"image\":{\"@id\":\"https:\\\/\\\/diversitecommunicationnelle.ca\\\/?p=416#primaryimage\"},\"thumbnailUrl\":\"https:\\\/\\\/diversitecommunicationnelle.ca\\\/wp-content\\\/uploads\\\/2023\\\/11\\\/0A4A602F-19A4-47B4-B7E4-F01A049DB1AC-1.jpeg\",\"datePublished\":\"2023-11-13T14:27:33+00:00\",\"dateModified\":\"2024-07-11T00:26:32+00:00\",\"breadcrumb\":{\"@id\":\"https:\\\/\\\/diversitecommunicationnelle.ca\\\/?p=416#breadcrumb\"},\"inLanguage\":\"fr-CA\",\"potentialAction\":[{\"@type\":\"ReadAction\",\"target\":[\"https:\\\/\\\/diversitecommunicationnelle.ca\\\/?p=416\"]}]},{\"@type\":\"ImageObject\",\"inLanguage\":\"fr-CA\",\"@id\":\"https:\\\/\\\/diversitecommunicationnelle.ca\\\/?p=416#primaryimage\",\"url\":\"https:\\\/\\\/diversitecommunicationnelle.ca\\\/wp-content\\\/uploads\\\/2023\\\/11\\\/0A4A602F-19A4-47B4-B7E4-F01A049DB1AC-1.jpeg\",\"contentUrl\":\"https:\\\/\\\/diversitecommunicationnelle.ca\\\/wp-content\\\/uploads\\\/2023\\\/11\\\/0A4A602F-19A4-47B4-B7E4-F01A049DB1AC-1.jpeg\",\"width\":813,\"height\":395},{\"@type\":\"BreadcrumbList\",\"@id\":\"https:\\\/\\\/diversitecommunicationnelle.ca\\\/?p=416#breadcrumb\",\"itemListElement\":[{\"@type\":\"ListItem\",\"position\":1,\"name\":\"Home\",\"item\":\"https:\\\/\\\/diversitecommunicationnelle.ca\\\/\"},{\"@type\":\"ListItem\",\"position\":2,\"name\":\"Les id\u00e9es de la diversit\u00e9 communicationnelle se rendent &#8230; \u00e0 Ottawa!\"}]},{\"@type\":\"WebSite\",\"@id\":\"https:\\\/\\\/diversitecommunicationnelle.ca\\\/#website\",\"url\":\"https:\\\/\\\/diversitecommunicationnelle.ca\\\/\",\"name\":\"Diversit\u00e9 communicationnelle\",\"description\":\"\",\"publisher\":{\"@id\":\"https:\\\/\\\/diversitecommunicationnelle.ca\\\/#organization\"},\"potentialAction\":[{\"@type\":\"SearchAction\",\"target\":{\"@type\":\"EntryPoint\",\"urlTemplate\":\"https:\\\/\\\/diversitecommunicationnelle.ca\\\/?s={search_term_string}\"},\"query-input\":{\"@type\":\"PropertyValueSpecification\",\"valueRequired\":true,\"valueName\":\"search_term_string\"}}],\"inLanguage\":\"fr-CA\"},{\"@type\":\"Organization\",\"@id\":\"https:\\\/\\\/diversitecommunicationnelle.ca\\\/#organization\",\"name\":\"Diversit\u00e9 communicationnelle\",\"url\":\"https:\\\/\\\/diversitecommunicationnelle.ca\\\/\",\"logo\":{\"@type\":\"ImageObject\",\"inLanguage\":\"fr-CA\",\"@id\":\"https:\\\/\\\/diversitecommunicationnelle.ca\\\/#\\\/schema\\\/logo\\\/image\\\/\",\"url\":\"\",\"contentUrl\":\"\",\"caption\":\"Diversit\u00e9 communicationnelle\"},\"image\":{\"@id\":\"https:\\\/\\\/diversitecommunicationnelle.ca\\\/#\\\/schema\\\/logo\\\/image\\\/\"}},{\"@type\":\"Person\",\"@id\":\"https:\\\/\\\/diversitecommunicationnelle.ca\\\/#\\\/schema\\\/person\\\/4a97148401627b17040922f38d076563\",\"name\":\"diversitecommunicationnelle.ca\",\"image\":{\"@type\":\"ImageObject\",\"inLanguage\":\"fr-CA\",\"@id\":\"https:\\\/\\\/secure.gravatar.com\\\/avatar\\\/0f7b3a1602ee0019ae772988ff5411e63b7ec0d83730674debaeda8794f2cb96?s=96&d=mm&r=g\",\"url\":\"https:\\\/\\\/secure.gravatar.com\\\/avatar\\\/0f7b3a1602ee0019ae772988ff5411e63b7ec0d83730674debaeda8794f2cb96?s=96&d=mm&r=g\",\"contentUrl\":\"https:\\\/\\\/secure.gravatar.com\\\/avatar\\\/0f7b3a1602ee0019ae772988ff5411e63b7ec0d83730674debaeda8794f2cb96?s=96&d=mm&r=g\",\"caption\":\"diversitecommunicationnelle.ca\"},\"url\":\"https:\\\/\\\/diversitecommunicationnelle.ca\\\/?author=1\"}]}<\/script>\n<!-- \/ Yoast SEO plugin. -->","yoast_head_json":{"title":"Les id\u00e9es de la diversit\u00e9 communicationnelle se rendent ... \u00e0 Ottawa! - Diversit\u00e9 communicationnelle","robots":{"index":"index","follow":"follow","max-snippet":"max-snippet:-1","max-image-preview":"max-image-preview:large","max-video-preview":"max-video-preview:-1"},"canonical":"https:\/\/diversitecommunicationnelle.ca\/?p=416","og_locale":"fr_CA","og_type":"article","og_title":"Les id\u00e9es de la diversit\u00e9 communicationnelle se rendent ... \u00e0 Ottawa! - Diversit\u00e9 communicationnelle","og_description":"Genevi\u00e8ve, dont la th\u00e8se doctorale en orthophonie s&rsquo;int\u00e9resse aux concepts de stigmatisation et son oppos\u00e9, la fiert\u00e9, a particip\u00e9 \u00e0 la conf\u00e9rence annuelle de la Canadian Stuttering Association, qui s&rsquo;est d\u00e9roul\u00e9e \u00e0 Ottawa, du 3 au 5 novembre 2023. Genevi\u00e8ve a donn\u00e9 une conf\u00e9rence-atelier avec Joshua St. Pierre, Ph.D., \u00e9galement une personne qui b\u00e9gaie, professeur&hellip;&nbsp;Lire la suite &raquo;Les id\u00e9es de la diversit\u00e9 communicationnelle se rendent &#8230; \u00e0 Ottawa!","og_url":"https:\/\/diversitecommunicationnelle.ca\/?p=416","og_site_name":"Diversit\u00e9 communicationnelle","article_published_time":"2023-11-13T14:27:33+00:00","article_modified_time":"2024-07-11T00:26:32+00:00","og_image":[{"width":813,"height":395,"url":"http:\/\/diversitecommunicationnelle.ca\/wp-content\/uploads\/2023\/11\/0A4A602F-19A4-47B4-B7E4-F01A049DB1AC-1.jpeg","type":"image\/jpeg"}],"author":"diversitecommunicationnelle.ca","twitter_card":"summary_large_image","twitter_misc":{"\u00c9crit par":"diversitecommunicationnelle.ca","Estimation du temps de lecture":"2 minutes"},"schema":{"@context":"https:\/\/schema.org","@graph":[{"@type":"Article","@id":"https:\/\/diversitecommunicationnelle.ca\/?p=416#article","isPartOf":{"@id":"https:\/\/diversitecommunicationnelle.ca\/?p=416"},"author":{"name":"diversitecommunicationnelle.ca","@id":"https:\/\/diversitecommunicationnelle.ca\/#\/schema\/person\/4a97148401627b17040922f38d076563"},"headline":"Les id\u00e9es de la diversit\u00e9 communicationnelle se rendent &#8230; \u00e0 Ottawa!","datePublished":"2023-11-13T14:27:33+00:00","dateModified":"2024-07-11T00:26:32+00:00","mainEntityOfPage":{"@id":"https:\/\/diversitecommunicationnelle.ca\/?p=416"},"wordCount":160,"publisher":{"@id":"https:\/\/diversitecommunicationnelle.ca\/#organization"},"image":{"@id":"https:\/\/diversitecommunicationnelle.ca\/?p=416#primaryimage"},"thumbnailUrl":"https:\/\/diversitecommunicationnelle.ca\/wp-content\/uploads\/2023\/11\/0A4A602F-19A4-47B4-B7E4-F01A049DB1AC-1.jpeg","articleSection":["Nouvelles"],"inLanguage":"fr-CA"},{"@type":"WebPage","@id":"https:\/\/diversitecommunicationnelle.ca\/?p=416","url":"https:\/\/diversitecommunicationnelle.ca\/?p=416","name":"Les id\u00e9es de la diversit\u00e9 communicationnelle se rendent ... \u00e0 Ottawa! - Diversit\u00e9 communicationnelle","isPartOf":{"@id":"https:\/\/diversitecommunicationnelle.ca\/#website"},"primaryImageOfPage":{"@id":"https:\/\/diversitecommunicationnelle.ca\/?p=416#primaryimage"},"image":{"@id":"https:\/\/diversitecommunicationnelle.ca\/?p=416#primaryimage"},"thumbnailUrl":"https:\/\/diversitecommunicationnelle.ca\/wp-content\/uploads\/2023\/11\/0A4A602F-19A4-47B4-B7E4-F01A049DB1AC-1.jpeg","datePublished":"2023-11-13T14:27:33+00:00","dateModified":"2024-07-11T00:26:32+00:00","breadcrumb":{"@id":"https:\/\/diversitecommunicationnelle.ca\/?p=416#breadcrumb"},"inLanguage":"fr-CA","potentialAction":[{"@type":"ReadAction","target":["https:\/\/diversitecommunicationnelle.ca\/?p=416"]}]},{"@type":"ImageObject","inLanguage":"fr-CA","@id":"https:\/\/diversitecommunicationnelle.ca\/?p=416#primaryimage","url":"https:\/\/diversitecommunicationnelle.ca\/wp-content\/uploads\/2023\/11\/0A4A602F-19A4-47B4-B7E4-F01A049DB1AC-1.jpeg","contentUrl":"https:\/\/diversitecommunicationnelle.ca\/wp-content\/uploads\/2023\/11\/0A4A602F-19A4-47B4-B7E4-F01A049DB1AC-1.jpeg","width":813,"height":395},{"@type":"BreadcrumbList","@id":"https:\/\/diversitecommunicationnelle.ca\/?p=416#breadcrumb","itemListElement":[{"@type":"ListItem","position":1,"name":"Home","item":"https:\/\/diversitecommunicationnelle.ca\/"},{"@type":"ListItem","position":2,"name":"Les id\u00e9es de la diversit\u00e9 communicationnelle se rendent &#8230; \u00e0 Ottawa!"}]},{"@type":"WebSite","@id":"https:\/\/diversitecommunicationnelle.ca\/#website","url":"https:\/\/diversitecommunicationnelle.ca\/","name":"Diversit\u00e9 communicationnelle","description":"","publisher":{"@id":"https:\/\/diversitecommunicationnelle.ca\/#organization"},"potentialAction":[{"@type":"SearchAction","target":{"@type":"EntryPoint","urlTemplate":"https:\/\/diversitecommunicationnelle.ca\/?s={search_term_string}"},"query-input":{"@type":"PropertyValueSpecification","valueRequired":true,"valueName":"search_term_string"}}],"inLanguage":"fr-CA"},{"@type":"Organization","@id":"https:\/\/diversitecommunicationnelle.ca\/#organization","name":"Diversit\u00e9 communicationnelle","url":"https:\/\/diversitecommunicationnelle.ca\/","logo":{"@type":"ImageObject","inLanguage":"fr-CA","@id":"https:\/\/diversitecommunicationnelle.ca\/#\/schema\/logo\/image\/","url":"","contentUrl":"","caption":"Diversit\u00e9 communicationnelle"},"image":{"@id":"https:\/\/diversitecommunicationnelle.ca\/#\/schema\/logo\/image\/"}},{"@type":"Person","@id":"https:\/\/diversitecommunicationnelle.ca\/#\/schema\/person\/4a97148401627b17040922f38d076563","name":"diversitecommunicationnelle.ca","image":{"@type":"ImageObject","inLanguage":"fr-CA","@id":"https:\/\/secure.gravatar.com\/avatar\/0f7b3a1602ee0019ae772988ff5411e63b7ec0d83730674debaeda8794f2cb96?s=96&d=mm&r=g","url":"https:\/\/secure.gravatar.com\/avatar\/0f7b3a1602ee0019ae772988ff5411e63b7ec0d83730674debaeda8794f2cb96?s=96&d=mm&r=g","contentUrl":"https:\/\/secure.gravatar.com\/avatar\/0f7b3a1602ee0019ae772988ff5411e63b7ec0d83730674debaeda8794f2cb96?s=96&d=mm&r=g","caption":"diversitecommunicationnelle.ca"},"url":"https:\/\/diversitecommunicationnelle.ca\/?author=1"}]}},"_links":{"self":[{"href":"https:\/\/diversitecommunicationnelle.ca\/index.php?rest_route=\/wp\/v2\/posts\/416","targetHints":{"allow":["GET"]}}],"collection":[{"href":"https:\/\/diversitecommunicationnelle.ca\/index.php?rest_route=\/wp\/v2\/posts"}],"about":[{"href":"https:\/\/diversitecommunicationnelle.ca\/index.php?rest_route=\/wp\/v2\/types\/post"}],"author":[{"embeddable":true,"href":"https:\/\/diversitecommunicationnelle.ca\/index.php?rest_route=\/wp\/v2\/users\/1"}],"replies":[{"embeddable":true,"href":"https:\/\/diversitecommunicationnelle.ca\/index.php?rest_route=%2Fwp%2Fv2%2Fcomments&post=416"}],"version-history":[{"count":4,"href":"https:\/\/diversitecommunicationnelle.ca\/index.php?rest_route=\/wp\/v2\/posts\/416\/revisions"}],"predecessor-version":[{"id":451,"href":"https:\/\/diversitecommunicationnelle.ca\/index.php?rest_route=\/wp\/v2\/posts\/416\/revisions\/451"}],"wp:featuredmedia":[{"embeddable":true,"href":"https:\/\/diversitecommunicationnelle.ca\/index.php?rest_route=\/wp\/v2\/media\/450"}],"wp:attachment":[{"href":"https:\/\/diversitecommunicationnelle.ca\/index.php?rest_route=%2Fwp%2Fv2%2Fmedia&parent=416"}],"wp:term":[{"taxonomy":"category","embeddable":true,"href":"https:\/\/diversitecommunicationnelle.ca\/index.php?rest_route=%2Fwp%2Fv2%2Fcategories&post=416"},{"taxonomy":"post_tag","embeddable":true,"href":"https:\/\/diversitecommunicationnelle.ca\/index.php?rest_route=%2Fwp%2Fv2%2Ftags&post=416"}],"curies":[{"name":"wp","href":"https:\/\/api.w.org\/{rel}","templated":true}]}}